{"id":645,"date":"2023-12-19T15:03:47","date_gmt":"2023-12-19T14:03:47","guid":{"rendered":"https:\/\/ubcna-butv.be\/bond-beter-leefmilieu-en-lokale-actiegroepen-lanceren-campagne-voor-een-gezonde-co2-neutrale-toekomst-van-brussels-airport\/"},"modified":"2023-12-19T15:03:47","modified_gmt":"2023-12-19T14:03:47","slug":"bond-beter-leefmilieu-en-lokale-actiegroepen-lanceren-campagne-voor-een-gezonde-co2-neutrale-toekomst-van-brussels-airport","status":"publish","type":"post","link":"https:\/\/ubcna-butv.be\/nl\/bond-beter-leefmilieu-en-lokale-actiegroepen-lanceren-campagne-voor-een-gezonde-co2-neutrale-toekomst-van-brussels-airport\/","title":{"rendered":"Bond Beter Leefmilieu en lokale actiegroepen lanceren campagne voor een gezonde, CO2-neutrale toekomst van Brussels Airport"},"content":{"rendered":"\n<p>Samen met Bond Beter Leefmilieu en 11 andere actiegroepen in de Vlaamse rand rond Brussel hebben we de afgelopen maanden een plan gemaakt voor de toekomst van onze luchthaven. En het is er een met de ambitie om gezondheid, milieu en duurzame werkgelegenheid te combineren!<\/p>\n\n<p>Car maintenant que le permis d&#8217;environnement de Brussels Airport expire \u00e0 la mi-2024, nos perspectives ne sont plus un r\u00eave lointain, mais une r\u00e9alit\u00e9 potentielle. Nous avons d\u00e9j\u00e0 le soutien des r\u00e9sidents locaux, mais nous avons maintenant besoin de votre soutien.!\ud83d\ude4f\ud83d\ude4f<\/p>\n\n<p>\ud83d\udc49 Signez cette p\u00e9tition: <a href=\"http:\/\/www.bondbeterleefmilieu.be\/nous-n-en-dormons-plus\/petition\">www.bondbeterleefmilieu.be\/nous-n-en-dormons-plus\/petition<\/a>\u00a0<\/p>\n\n<p>\ud83d\udc49 En savoir plus sur nos solutions: <a href=\"http:\/\/www.wijliggenerwakkervan.be\">www.nousnendormonsplus.be<\/a>\u00a0<\/p>\n\n<p>\ud83d\udc49 Et n&#8217;oubliez pas de regarder notre vid\u00e9o de campagne: <a href=\"https:\/\/youtu.be\/3ScXaedKdSA\">https:\/\/youtu.be\/3ScXaedKdSA<\/a><\/p>\n\n<p>Avec @AWACSS @Actie Noordrand @BondBeterLeefmilieu @Burgerforum Luchthavenregio @UBCNA-BUTV @Wake Up Kraainem @Solidair Tervuren-Overijse @Milieusteunpunt Huldenberg @Boreas @Zone Zes @Decibel 25L @Sterrebeek 2000 @mavist<\/p>\n\n<p>#nousnendormonsplus #a\u00e9roportdufutur #brusselsairport<br\/><br\/>https:\/\/www.bondbeterleefmilieu.be\/artikel\/le-bond-beter-leefmilieu-et-des-groupes-d-action-locaux-lancent-une-campagne-pour-un-avenir<\/p>\n\n<p><\/p>\n","protected":false},"excerpt":{"rendered":"<p>Samen met Bond Beter Leefmilieu en 11 andere actiegroepen in de Vlaamse rand rond Brussel hebben we de afgelopen maanden een plan gemaakt voor de toekomst van onze luchthaven. En het is er een met de ambitie om gezondheid, milieu &hellip; <a href=\"https:\/\/ubcna-butv.be\/nl\/bond-beter-leefmilieu-en-lokale-actiegroepen-lanceren-campagne-voor-een-gezonde-co2-neutrale-toekomst-van-brussels-airport\/\">Lees verder <span class=\"meta-nav\">&rarr;<\/span><\/a><\/p>\n","protected":false},"author":3,"featured_media":0,"comment_status":"open","ping_status":"open","sticky":true,"template":"","format":"standard","meta":{"_monsterinsights_skip_tracking":false,"_monsterinsights_sitenote_active":false,"_monsterinsights_sitenote_note":"","_monsterinsights_sitenote_category":0,"footnotes":""},"categories":[11,10],"tags":[],"class_list":["post-645","post","type-post","status-publish","format-standard","hentry","category-blog-fr-nl","category-pers"],"_links":{"self":[{"href":"https:\/\/ubcna-butv.be\/nl\/wp-json\/wp\/v2\/posts\/645","targetHints":{"allow":["GET"]}}],"collection":[{"href":"https:\/\/ubcna-butv.be\/nl\/wp-json\/wp\/v2\/posts"}],"about":[{"href":"https:\/\/ubcna-butv.be\/nl\/wp-json\/wp\/v2\/types\/post"}],"author":[{"embeddable":true,"href":"https:\/\/ubcna-butv.be\/nl\/wp-json\/wp\/v2\/users\/3"}],"replies":[{"embeddable":true,"href":"https:\/\/ubcna-butv.be\/nl\/wp-json\/wp\/v2\/comments?post=645"}],"version-history":[{"count":1,"href":"https:\/\/ubcna-butv.be\/nl\/wp-json\/wp\/v2\/posts\/645\/revisions"}],"predecessor-version":[{"id":646,"href":"https:\/\/ubcna-butv.be\/nl\/wp-json\/wp\/v2\/posts\/645\/revisions\/646"}],"wp:attachment":[{"href":"https:\/\/ubcna-butv.be\/nl\/wp-json\/wp\/v2\/media?parent=645"}],"wp:term":[{"taxonomy":"category","embeddable":true,"href":"https:\/\/ubcna-butv.be\/nl\/wp-json\/wp\/v2\/categories?post=645"},{"taxonomy":"post_tag","embeddable":true,"href":"https:\/\/ubcna-butv.be\/nl\/wp-json\/wp\/v2\/tags?post=645"}],"curies":[{"name":"wp","href":"https:\/\/api.w.org\/{rel}","templated":true}]}}